{"id":2103,"date":"2016-04-18T15:38:29","date_gmt":"2016-04-18T15:38:29","guid":{"rendered":"http:\/\/www.hitit.fi\/?p=2103"},"modified":"2022-05-03T14:37:29","modified_gmt":"2022-05-03T11:37:29","slug":"rakentajaradio-valiseinat-ja-tiiveysmittaus","status":"publish","type":"post","link":"http:\/\/www.hitit.fi\/index.php\/2016\/04\/18\/rakentajaradio-valiseinat-ja-tiiveysmittaus\/","title":{"rendered":"Rakentajaradio: v\u00e4lisein\u00e4t ja tiiveysmittaus"},"content":{"rendered":"<p>Rakentajaradiossa puhutaan nyt muun muassa v\u00e4liseinist\u00e4, tasoitet\u00f6ist\u00e4 ja tiiveysmittauksesta. <!--more--><\/p>\n<p>Kyse ei ole varsinaisesta musiikkiohjelmasta, vaikka ensin LEVYTET\u00c4\u00c4N, sitten NAUHOITETAAN ja my\u00f6hemmin paikalle saapuu RAPPARI.<br \/>\n<a href=\"http:\/\/192.168.0.92\/musa\/wp-content\/uploads\/2016\/04\/2016-03-09-09.32.55.jpg\" rel=\"lightbox[2103]\"><img decoding=\"async\" loading=\"lazy\" class=\"alignleft size-medium wp-image-2110\" src=\"http:\/\/www.hitit.fi\/wp-content\/uploads\/2016\/04\/2016-03-09-09.32.55-300x169.jpg\" alt=\"2016-03-09 09.32.55\" width=\"300\" height=\"169\" srcset=\"http:\/\/www.hitit.fi\/wp-content\/uploads\/2016\/04\/2016-03-09-09.32.55-300x169.jpg 300w, http:\/\/www.hitit.fi\/wp-content\/uploads\/2016\/04\/2016-03-09-09.32.55-768x432.jpg 768w, http:\/\/www.hitit.fi\/wp-content\/uploads\/2016\/04\/2016-03-09-09.32.55-1024x576.jpg 1024w\" sizes=\"(max-width: 300px) 100vw, 300px\" \/><\/a><br \/>\nAluksi menn\u00e4\u00e4n rakennukselle, jossa v\u00e4liseini\u00e4 on pystytt\u00e4nyt vastaava mestari <strong>Sami Hietaniemi<\/strong>. (Klikkaa mediapalkin vasenta p\u00e4\u00e4ty\u00e4, niin haastattelu k\u00e4ynnistyy)<\/p>\n<p><!--[if lt IE 9]><script>document.createElement('audio');<\/script><![endif]-->\n<audio class=\"wp-audio-shortcode\" id=\"audio-2103-1\" preload=\"none\" style=\"width: 100%;\" controls=\"controls\"><source type=\"audio\/mpeg\" src=\"http:\/\/192.168.0.92\/musa\/wp-content\/uploads\/2016\/04\/samitalossa1kevyt.mp3?_=1\" \/><a href=\"http:\/\/192.168.0.92\/musa\/wp-content\/uploads\/2016\/04\/samitalossa1kevyt.mp3\">http:\/\/192.168.0.92\/musa\/wp-content\/uploads\/2016\/04\/samitalossa1kevyt.mp3<\/a><\/audio><br \/>\n<a href=\"http:\/\/192.168.0.92\/musa\/wp-content\/uploads\/2016\/04\/2016-03-18-12.58.39.jpg\" rel=\"lightbox[2103]\"><img decoding=\"async\" loading=\"lazy\" class=\"alignleft size-medium wp-image-2111\" src=\"http:\/\/www.hitit.fi\/wp-content\/uploads\/2016\/04\/2016-03-18-12.58.39-300x169.jpg\" alt=\"2016-03-18 12.58.39\" width=\"300\" height=\"169\" srcset=\"http:\/\/www.hitit.fi\/wp-content\/uploads\/2016\/04\/2016-03-18-12.58.39-300x169.jpg 300w, http:\/\/www.hitit.fi\/wp-content\/uploads\/2016\/04\/2016-03-18-12.58.39-768x432.jpg 768w, http:\/\/www.hitit.fi\/wp-content\/uploads\/2016\/04\/2016-03-18-12.58.39-1024x576.jpg 1024w\" sizes=\"(max-width: 300px) 100vw, 300px\" \/><\/a><br \/>\nKun v\u00e4lisein\u00e4t on saatu pystyyn, useimpien p\u00e4\u00e4lle asennetaan kipsilevyt. Sis\u00e4kattoon tulee h\u00f6yrysulku ja ristikkokoolaus, jonka p\u00e4\u00e4lle laitetaan l\u00e4mm\u00f6neristys. T\u00e4st\u00e4 lis\u00e4\u00e4 Sami Hietaniemen kanssa:<\/p>\n<p><audio class=\"wp-audio-shortcode\" id=\"audio-2103-2\" preload=\"none\" style=\"width: 100%;\" controls=\"controls\"><source type=\"audio\/mpeg\" src=\"http:\/\/192.168.0.92\/musa\/wp-content\/uploads\/2016\/04\/samitalossa2kevyt.mp3?_=2\" \/><a href=\"http:\/\/192.168.0.92\/musa\/wp-content\/uploads\/2016\/04\/samitalossa2kevyt.mp3\">http:\/\/192.168.0.92\/musa\/wp-content\/uploads\/2016\/04\/samitalossa2kevyt.mp3<\/a><\/audio><br \/>\n<a href=\"http:\/\/192.168.0.92\/musa\/wp-content\/uploads\/2016\/04\/janijuurikivi.jpg\" rel=\"lightbox[2103]\"><img decoding=\"async\" loading=\"lazy\" class=\"alignleft size-medium wp-image-2109\" src=\"http:\/\/www.hitit.fi\/wp-content\/uploads\/2016\/04\/janijuurikivi-300x169.jpg\" alt=\"janijuurikivi\" width=\"300\" height=\"169\" srcset=\"http:\/\/www.hitit.fi\/wp-content\/uploads\/2016\/04\/janijuurikivi-300x169.jpg 300w, http:\/\/www.hitit.fi\/wp-content\/uploads\/2016\/04\/janijuurikivi-768x432.jpg 768w, http:\/\/www.hitit.fi\/wp-content\/uploads\/2016\/04\/janijuurikivi-1024x576.jpg 1024w\" sizes=\"(max-width: 300px) 100vw, 300px\" \/><\/a><br \/>\nEnsimm\u00e4inen tiiveysmittaus selvitt\u00e4\u00e4, onko talo tarpeeksi tiivis. Mahdolliset vuotokohdat l\u00f6ydet\u00e4\u00e4n ja korjataan t\u00e4ss\u00e4 vaiheessa. Alan asiantuntija on Rootstone Oy:n<strong> Jani Juurikivi:<\/strong><\/p>\n<p><audio class=\"wp-audio-shortcode\" id=\"audio-2103-3\" preload=\"none\" style=\"width: 100%;\" controls=\"controls\"><source type=\"audio\/mpeg\" src=\"http:\/\/192.168.0.92\/musa\/wp-content\/uploads\/2016\/04\/tiiveysmittauskevyt.mp3?_=3\" \/><a href=\"http:\/\/192.168.0.92\/musa\/wp-content\/uploads\/2016\/04\/tiiveysmittauskevyt.mp3\">http:\/\/192.168.0.92\/musa\/wp-content\/uploads\/2016\/04\/tiiveysmittauskevyt.mp3<\/a><\/audio><br \/>\n<a href=\"http:\/\/192.168.0.92\/musa\/wp-content\/uploads\/2016\/04\/2016-04-08-12.30.54.jpg\" rel=\"lightbox[2103]\"><img decoding=\"async\" loading=\"lazy\" class=\"alignleft size-medium wp-image-2108\" src=\"http:\/\/www.hitit.fi\/wp-content\/uploads\/2016\/04\/2016-04-08-12.30.54-300x169.jpg\" alt=\"2016-04-08 12.30.54\" width=\"300\" height=\"169\" srcset=\"http:\/\/www.hitit.fi\/wp-content\/uploads\/2016\/04\/2016-04-08-12.30.54-300x169.jpg 300w, http:\/\/www.hitit.fi\/wp-content\/uploads\/2016\/04\/2016-04-08-12.30.54-768x432.jpg 768w, http:\/\/www.hitit.fi\/wp-content\/uploads\/2016\/04\/2016-04-08-12.30.54-1024x576.jpg 1024w\" sizes=\"(max-width: 300px) 100vw, 300px\" \/><\/a><br \/>\nPassiivikivitalo sai tiiveysmittauksessa t\u00e4ydet pisteet, joten tasoitemiehet ryhtyiv\u00e4t t\u00f6ihin nauhoittamaan ja kittaamaan seini\u00e4. Mikrofonin \u00e4\u00e4ress\u00e4 <strong>ZeBullin<\/strong> ammattimiehet <strong>Pekka Vellas<\/strong> ja <strong>Ari Kyl\u00e4np\u00e4\u00e4<\/strong>.<\/p>\n<audio class=\"wp-audio-shortcode\" id=\"audio-2103-4\" preload=\"none\" style=\"width: 100%;\" controls=\"controls\"><source type=\"audio\/mpeg\" src=\"http:\/\/192.168.0.92\/musa\/wp-content\/uploads\/2016\/04\/tasoitemiehetkevyt.mp3?_=4\" \/><a href=\"http:\/\/192.168.0.92\/musa\/wp-content\/uploads\/2016\/04\/tasoitemiehetkevyt.mp3\">http:\/\/192.168.0.92\/musa\/wp-content\/uploads\/2016\/04\/tasoitemiehetkevyt.mp3<\/a><\/audio>\n<p>&nbsp;<\/p>\n<p>Vastaava mestari on Sami Hietaniemi, <a href=\"http:\/\/www.rakennussalvos.fi\/\" target=\"_blank\" rel=\"noopener\">Rakennus-Salvos Oy<\/a><\/p>\n<p>Tiiveysmittauksen tekee<a href=\"http:\/\/www.rootstone.fi\/rootstone.fi\/Rootstone.html\" target=\"_blank\" rel=\"noopener\"> Rootstone Oy<\/a><\/p>\n<p>Tasoitety\u00f6t tekee<a href=\"http:\/\/zebull.fi\/\" target=\"_blank\" rel=\"noopener\"> ZeBull Oy<\/a><\/p>\n","protected":false},"excerpt":{"rendered":"<p>Rakentajaradiossa puhutaan nyt muun muassa v\u00e4liseinist\u00e4, tasoitet\u00f6ist\u00e4 ja tiiveysmittauksesta.<\/p>\n","protected":false},"author":1,"featured_media":2113,"comment_status":"closed","ping_status":"closed","sticky":false,"template":"","format":"standard","meta":[],"categories":[69,73,95,1],"tags":[],"_links":{"self":[{"href":"http:\/\/www.hitit.fi\/index.php\/wp-json\/wp\/v2\/posts\/2103"}],"collection":[{"href":"http:\/\/www.hitit.fi\/index.php\/wp-json\/wp\/v2\/posts"}],"about":[{"href":"http:\/\/www.hitit.fi\/index.php\/wp-json\/wp\/v2\/types\/post"}],"author":[{"embeddable":true,"href":"http:\/\/www.hitit.fi\/index.php\/wp-json\/wp\/v2\/users\/1"}],"replies":[{"embeddable":true,"href":"http:\/\/www.hitit.fi\/index.php\/wp-json\/wp\/v2\/comments?post=2103"}],"version-history":[{"count":1,"href":"http:\/\/www.hitit.fi\/index.php\/wp-json\/wp\/v2\/posts\/2103\/revisions"}],"predecessor-version":[{"id":8479,"href":"http:\/\/www.hitit.fi\/index.php\/wp-json\/wp\/v2\/posts\/2103\/revisions\/8479"}],"wp:featuredmedia":[{"embeddable":true,"href":"http:\/\/www.hitit.fi\/index.php\/wp-json\/wp\/v2\/media\/2113"}],"wp:attachment":[{"href":"http:\/\/www.hitit.fi\/index.php\/wp-json\/wp\/v2\/media?parent=2103"}],"wp:term":[{"taxonomy":"category","embeddable":true,"href":"http:\/\/www.hitit.fi\/index.php\/wp-json\/wp\/v2\/categories?post=2103"},{"taxonomy":"post_tag","embeddable":true,"href":"http:\/\/www.hitit.fi\/index.php\/wp-json\/wp\/v2\/tags?post=2103"}],"curies":[{"name":"wp","href":"https:\/\/api.w.org\/{rel}","templated":true}]}}