{"id":2240,"date":"2016-05-23T15:50:41","date_gmt":"2016-05-23T15:50:41","guid":{"rendered":"http:\/\/www.hitit.fi\/?p=2240"},"modified":"2022-05-03T14:36:38","modified_gmt":"2022-05-03T11:36:38","slug":"rakentajaradio-seinajoen-asuntomessut","status":"publish","type":"post","link":"http:\/\/www.hitit.fi\/index.php\/2016\/05\/23\/rakentajaradio-seinajoen-asuntomessut\/","title":{"rendered":"Rakentajaradio: Sein\u00e4joen asuntomessut"},"content":{"rendered":"<p><strong>Sein\u00e4joen asuntomessut<\/strong> aukeavat suurelle yleis\u00f6lle hein\u00e4kuun alussa samana viikonloppuna, jolloin pidet\u00e4\u00e4n tangomarkkinat.<!--more--><\/p>\n<p>Rakentajaradion edustajat p\u00e4\u00e4siv\u00e4t tutustumaan toukokuussa l\u00e4hes valmiiseen messualueeseen. Pruukinrannassa on tekemisen meininki, sill\u00e4 alue valmistuu etuajassa.<br \/>\n<a href=\"http:\/\/192.168.0.92\/musa\/wp-content\/uploads\/2015\/12\/kirsijoensuu.jpg\" rel=\"lightbox[2240]\"><img decoding=\"async\" loading=\"lazy\" class=\"alignleft size-thumbnail wp-image-1440\" src=\"http:\/\/www.hitit.fi\/wp-content\/uploads\/2015\/12\/kirsijoensuu-150x150.jpg\" alt=\"kirsijoensuu\" width=\"150\" height=\"150\" srcset=\"http:\/\/www.hitit.fi\/wp-content\/uploads\/2015\/12\/kirsijoensuu-150x150.jpg 150w, http:\/\/www.hitit.fi\/wp-content\/uploads\/2015\/12\/kirsijoensuu-100x100.jpg 100w\" sizes=\"(max-width: 150px) 100vw, 150px\" \/><\/a><br \/>\nTavoitimme haastatteluun kiinnostavia ihmisi\u00e4 asuntomessujen tiimoilta. Paikalla olivat mm. Sein\u00e4joen kaupungin projektip\u00e4\u00e4llikk\u00f6 <strong>Kirsi Joensuu<\/strong>, jonka haastattelu k\u00e4ynnistyy, kun klikkaat mediapalkin vasenta p\u00e4\u00e4ty\u00e4:<\/p>\n<!--[if lt IE 9]><script>document.createElement('audio');<\/script><![endif]-->\n<audio class=\"wp-audio-shortcode\" id=\"audio-2240-1\" preload=\"none\" style=\"width: 100%;\" controls=\"controls\"><source type=\"audio\/mpeg\" src=\"http:\/\/192.168.0.92\/musa\/wp-content\/uploads\/2016\/05\/pruukinranta1kevyt.mp3?_=1\" \/><a href=\"http:\/\/192.168.0.92\/musa\/wp-content\/uploads\/2016\/05\/pruukinranta1kevyt.mp3\">http:\/\/192.168.0.92\/musa\/wp-content\/uploads\/2016\/05\/pruukinranta1kevyt.mp3<\/a><\/audio>\n<p><a href=\"http:\/\/192.168.0.92\/musa\/wp-content\/uploads\/2016\/05\/2016-05-10-12.50.15.jpg\" rel=\"lightbox[2240]\"><img decoding=\"async\" loading=\"lazy\" class=\"alignleft size-medium wp-image-2245\" src=\"http:\/\/www.hitit.fi\/wp-content\/uploads\/2016\/05\/2016-05-10-12.50.15-300x169.jpg\" alt=\"2016-05-10 12.50.15\" width=\"300\" height=\"169\" srcset=\"http:\/\/www.hitit.fi\/wp-content\/uploads\/2016\/05\/2016-05-10-12.50.15-300x169.jpg 300w, http:\/\/www.hitit.fi\/wp-content\/uploads\/2016\/05\/2016-05-10-12.50.15-768x432.jpg 768w, http:\/\/www.hitit.fi\/wp-content\/uploads\/2016\/05\/2016-05-10-12.50.15-1024x576.jpg 1024w\" sizes=\"(max-width: 300px) 100vw, 300px\" \/><\/a><br \/>\nAsuntomessut on saanut my\u00f6s uuden vet\u00e4j\u00e4n, joka tuli t\u00f6ihin aprillip\u00e4iv\u00e4n\u00e4 aivan muista kuvioista. Haastateltavana asuntomessujen uusi toimitusjohtaja<strong> Harri Tuomaala<\/strong>:<\/p>\n<audio class=\"wp-audio-shortcode\" id=\"audio-2240-2\" preload=\"none\" style=\"width: 100%;\" controls=\"controls\"><source type=\"audio\/mpeg\" src=\"http:\/\/192.168.0.92\/musa\/wp-content\/uploads\/2016\/05\/pruukinranta2kevyt.mp3?_=2\" \/><a href=\"http:\/\/192.168.0.92\/musa\/wp-content\/uploads\/2016\/05\/pruukinranta2kevyt.mp3\">http:\/\/192.168.0.92\/musa\/wp-content\/uploads\/2016\/05\/pruukinranta2kevyt.mp3<\/a><\/audio>\n<p><a href=\"http:\/\/192.168.0.92\/musa\/wp-content\/uploads\/2016\/05\/2016-05-10-14.29.49.jpg\" rel=\"lightbox[2240]\"><img decoding=\"async\" loading=\"lazy\" class=\"alignleft size-medium wp-image-2246\" src=\"http:\/\/www.hitit.fi\/wp-content\/uploads\/2016\/05\/2016-05-10-14.29.49-300x169.jpg\" alt=\"2016-05-10 14.29.49\" width=\"300\" height=\"169\" srcset=\"http:\/\/www.hitit.fi\/wp-content\/uploads\/2016\/05\/2016-05-10-14.29.49-300x169.jpg 300w, http:\/\/www.hitit.fi\/wp-content\/uploads\/2016\/05\/2016-05-10-14.29.49-768x432.jpg 768w, http:\/\/www.hitit.fi\/wp-content\/uploads\/2016\/05\/2016-05-10-14.29.49-1024x576.jpg 1024w\" sizes=\"(max-width: 300px) 100vw, 300px\" \/><\/a><br \/>\nPruukinrannan uusissa kodeissa riitt\u00e4\u00e4 katsottavaa ja tutkittavaa vaikka useammaksikin p\u00e4iv\u00e4ksi, sill\u00e4 kohteita on joka makuun isolla alueella. Kannattaa siis varata aikaa. Yksi erikoisimmista ideoista l\u00f6ytyi pienkerrostalosta, jonne oli sisustettu asunto <strong><em>Lainah\u00f6yheniss\u00e4<\/em><\/strong>-musikaalin hengess\u00e4. Asunto on siis l\u00e4hinn\u00e4 biletyspaikka, sill\u00e4 siin\u00e4 ei ole lainkaan makuuhuonetta. Aiheen tiimoilta haastattelussa <strong>Sein\u00e4joen kaupunginteatterin<\/strong> pukusuunnittelijat <strong>Leena Rintala<\/strong> ja <strong>Riikka Aurasmaa<\/strong> (kuvassa my\u00f6s musikaalin p\u00e4\u00e4henkil\u00f6):<\/p>\n<audio class=\"wp-audio-shortcode\" id=\"audio-2240-3\" preload=\"none\" style=\"width: 100%;\" controls=\"controls\"><source type=\"audio\/mpeg\" src=\"http:\/\/192.168.0.92\/musa\/wp-content\/uploads\/2016\/05\/pruukinranta3kevyt.mp3?_=3\" \/><a href=\"http:\/\/192.168.0.92\/musa\/wp-content\/uploads\/2016\/05\/pruukinranta3kevyt.mp3\">http:\/\/192.168.0.92\/musa\/wp-content\/uploads\/2016\/05\/pruukinranta3kevyt.mp3<\/a><\/audio>\n<p><a href=\"http:\/\/192.168.0.92\/musa\/wp-content\/uploads\/2016\/05\/2016-05-10-14.46.52.jpg\" rel=\"lightbox[2240]\"><img decoding=\"async\" loading=\"lazy\" class=\"alignleft size-medium wp-image-2247\" src=\"http:\/\/www.hitit.fi\/wp-content\/uploads\/2016\/05\/2016-05-10-14.46.52-300x169.jpg\" alt=\"2016-05-10 14.46.52\" width=\"300\" height=\"169\" srcset=\"http:\/\/www.hitit.fi\/wp-content\/uploads\/2016\/05\/2016-05-10-14.46.52-300x169.jpg 300w, http:\/\/www.hitit.fi\/wp-content\/uploads\/2016\/05\/2016-05-10-14.46.52-768x432.jpg 768w, http:\/\/www.hitit.fi\/wp-content\/uploads\/2016\/05\/2016-05-10-14.46.52-1024x576.jpg 1024w\" sizes=\"(max-width: 300px) 100vw, 300px\" \/><\/a><br \/>\nAsuntomessuilla esitell\u00e4\u00e4n uusia ideoita ja rikotaan tai siis ylitet\u00e4\u00e4n vanhoja rajoja. Tyylik\u00e4s kokonaisuus saadaan, kun asukkaat ryhtyv\u00e4t yhteisty\u00f6h\u00f6n ammattimaisen sisustussuunnittelijan kanssa. Seuraavaksi jututettavana <strong>Linnemilin<\/strong> sisustussuunnittelija <strong>Ilona Lassila<\/strong>, joka on sisustanut rivitalokohteen <strong>Pentikin<\/strong> tuotteilla:<\/p>\n<p><audio class=\"wp-audio-shortcode\" id=\"audio-2240-4\" preload=\"none\" style=\"width: 100%;\" controls=\"controls\"><source type=\"audio\/mpeg\" src=\"http:\/\/192.168.0.92\/musa\/wp-content\/uploads\/2016\/05\/pruukinranta4kevyt.mp3?_=4\" \/><a href=\"http:\/\/192.168.0.92\/musa\/wp-content\/uploads\/2016\/05\/pruukinranta4kevyt.mp3\">http:\/\/192.168.0.92\/musa\/wp-content\/uploads\/2016\/05\/pruukinranta4kevyt.mp3<\/a><\/audio><br \/>\nSein\u00e4joen asuntomessut Pruukinrannassa alkavat siis 8. hein\u00e4kuuta. Tarjolla on laaja kattaus erilaisia asumisen tyylej\u00e4 ja tapoja. Suositeltava matkakohde kaikille rakentamisesta ja sisustamisesta kiinnostuneille.<\/p>\n<p>Katso my\u00f6s netist\u00e4 <a href=\"http:\/\/asuntomessut.fi\/\" target=\"_blank\" rel=\"noopener\">Sein\u00e4joen asuntomessut<\/a>.<\/p>\n","protected":false},"excerpt":{"rendered":"<p>Sein\u00e4joen asuntomessut aukeavat suurelle yleis\u00f6lle hein\u00e4kuun alussa samana viikonloppuna, jolloin pidet\u00e4\u00e4n tangomarkkinat.<\/p>\n","protected":false},"author":1,"featured_media":2248,"comment_status":"closed","ping_status":"closed","sticky":false,"template":"","format":"standard","meta":[],"categories":[99,60,69,1],"tags":[],"_links":{"self":[{"href":"http:\/\/www.hitit.fi\/index.php\/wp-json\/wp\/v2\/posts\/2240"}],"collection":[{"href":"http:\/\/www.hitit.fi\/index.php\/wp-json\/wp\/v2\/posts"}],"about":[{"href":"http:\/\/www.hitit.fi\/index.php\/wp-json\/wp\/v2\/types\/post"}],"author":[{"embeddable":true,"href":"http:\/\/www.hitit.fi\/index.php\/wp-json\/wp\/v2\/users\/1"}],"replies":[{"embeddable":true,"href":"http:\/\/www.hitit.fi\/index.php\/wp-json\/wp\/v2\/comments?post=2240"}],"version-history":[{"count":1,"href":"http:\/\/www.hitit.fi\/index.php\/wp-json\/wp\/v2\/posts\/2240\/revisions"}],"predecessor-version":[{"id":8471,"href":"http:\/\/www.hitit.fi\/index.php\/wp-json\/wp\/v2\/posts\/2240\/revisions\/8471"}],"wp:featuredmedia":[{"embeddable":true,"href":"http:\/\/www.hitit.fi\/index.php\/wp-json\/wp\/v2\/media\/2248"}],"wp:attachment":[{"href":"http:\/\/www.hitit.fi\/index.php\/wp-json\/wp\/v2\/media?parent=2240"}],"wp:term":[{"taxonomy":"category","embeddable":true,"href":"http:\/\/www.hitit.fi\/index.php\/wp-json\/wp\/v2\/categories?post=2240"},{"taxonomy":"post_tag","embeddable":true,"href":"http:\/\/www.hitit.fi\/index.php\/wp-json\/wp\/v2\/tags?post=2240"}],"curies":[{"name":"wp","href":"https:\/\/api.w.org\/{rel}","templated":true}]}}