{"id":7630,"date":"2021-12-07T21:38:43","date_gmt":"2021-12-07T19:38:43","guid":{"rendered":"http:\/\/www.hitit.fi\/?p=7630"},"modified":"2022-05-03T13:12:24","modified_gmt":"2022-05-03T10:12:24","slug":"karjalan-lapsia-on-kuukauden-levy","status":"publish","type":"post","link":"http:\/\/www.hitit.fi\/index.php\/2021\/12\/07\/karjalan-lapsia-on-kuukauden-levy\/","title":{"rendered":"Karjalan lapsia on Kuukauden Levy"},"content":{"rendered":"\n<p><strong>Paikallisradioiden Kuukauden Levyksi on valittu Toivo K\u00e4rjen s\u00e4vellyksi\u00e4 sis\u00e4lt\u00e4v\u00e4 <\/strong><em><strong>Karjalan lapsia<\/strong><\/em><strong>, jolla laulavat Mia Leivo ja Raimo Salo. Kakkoseksi t<\/strong><strong>uli Jarkko Honkasen albumi <\/strong><em><strong>Syd\u00e4n<\/strong><\/em><em>. <\/em><strong>Pronssi<\/strong><strong>a otti Maria Tyysterin<\/strong><em> Uuden aamun lauluja.<\/em><\/p>\n\n\n\n<!--more-->\n\n\n\n<p>Toivo K\u00e4rjen poika, <strong>Kalervo K\u00e4rki<\/strong> vaalii is\u00e4ns\u00e4 musiikillista perint\u00f6\u00e4, josta tuntuu riitt\u00e4v\u00e4n ammennettavaa. Uudellakin albumilla on viisi ennenjulkaisematonta laulua.<\/p>\n\n\n\n<p>Kalervo K\u00e4rki teki tuottaja <strong>Mika Tarkkosen<\/strong> sek\u00e4 <strong>Mia Leivon<\/strong> ja <strong>Raimo Salon <\/strong>kanssa pari vuotta sitten <em><strong>Mets\u00e4n s\u00e4vel<\/strong><\/em> -albumin, jolle Karjala-laulut ovat loogista jatkoa, sill\u00e4 K\u00e4rjenkin sukujuuret olivat Karjalassa.<\/p>\n\n\n\n<p>Tangoprinsessa<strong> <\/strong>Mia Leivo voitti Toivo K\u00e4rki-laulukilpailun 20 vuotta sitten Kiuruvedell\u00e4 ja Loistava laulaja -kisan kaksi vuotta sitten. Laulaja, \u201ctenoriluutnantti\u201d Raimo Salo<strong> <\/strong>on sotakamreeri ja dokumenttielokuvien tekij\u00e4.<\/p>\n\n\n\n<p>Harmonikkataiteilija Mika Tarkkonen on sovittanut laulut modernein soundein, perinteit\u00e4 kunnioittaen. Laulajien ja harmonikan vuoropuhelu toimii upeasti.<\/p>\n\n\n\n<p>T\u00e4ss\u00e4 musiikkitoimittajien kommentteja suosikeistaan.<\/p>\n\n\n\n<p><strong>KARJALAN LAPSIA<\/strong><\/p>\n\n\n\n<p>&#8211; Levy kunnioittaa karjalaisia ja kertoo karjalaisten syvist\u00e4 juurista, sek\u00e4 ikuisesta sukupolvesta toiseen ulottuvasta kaipuusta synnyinseuduille Karjalaan. &#8221;Oon karjalanlapsi mielelt\u00e4in, vaikka siell\u00e4 m\u00e4 syntynyt en ja m\u00e4 aarteena s\u00e4ilyt\u00e4n sen&#8221;. Karjalan lapsia -levy on mestaris\u00e4velt\u00e4j\u00e4 Toivo K\u00e4rjen k\u00e4sialaa, johon mestarihanuristi Mika Tarkkonen on tehnyt upeat sovitukset ja hanurisoolot. Kokonaisuudessaan levy on tehty ammattitaidolla tanssittavaksi ja kuunneltavaksi suuriin hetkiin. Levyn kruunaa Mia Leivon ja Raimo Salon syv\u00e4llinen ja herkk\u00e4 tulkinta. Levyn tuottaminen t\u00e4rke\u00e4st\u00e4 aiheesta on my\u00f6s merkitt\u00e4v\u00e4 kulttuuriteko! <strong>Reijo Glad, Radio Sandels<\/strong><\/p>\n\n\n\n<p>&#8211; Parilla miljoonalla suomalaisella on karjalaisia juuria, joten voi vain ihmetell\u00e4, miten v\u00e4h\u00e4n aihetta on k\u00e4sitelty popul\u00e4\u00e4rimusiikissa viime aikoina. T\u00e4ll\u00e4 kymmenen pisteen albumilla on panostettu laatuun, joka kest\u00e4\u00e4 aikaa ja kuuntelua. Kokonaisuus on kuin kotiseutumatka laulumaille. Varttuneemmille kuuntelijoille suosittelen samaan pakettiin nen\u00e4liinoja. <strong>Pentti Ter\u00e4v\u00e4inen, Radio Musa<\/strong><\/p>\n\n\n\n<p><strong>JARKKO HONKANEN<\/strong><\/p>\n\n\n\n<p>&#8211; \u201dSuomen Tomas Ledin\u201d laittaa levyllisen rokkaavaa iskelm\u00e4\u00e4 ja menoa hyv\u00e4ll\u00e4 sykkeell\u00e4. Levyll\u00e4 ei ole yht\u00e4\u00e4n turhaa raitaa. &#8221;El\u00e4m\u00e4 6 &#8211; Surut 0&#8221; tempaa heti avausraitana hienosti mukaan, &#8221;T\u00e4rkee&#8221;-kappale onnistuu soimaan hienosti suomalaisessa syd\u00e4nmaisemassa. Monipuolinen levy, joka on my\u00f6s eritt\u00e4in hyvin tuotettu ja soundimaailmaltaan mielenkiintoinen. <strong>Marcos Kuusj\u00e4rvi, FinnRadio<\/strong><\/p>\n\n\n\n<p>&#8211; Jarkon pari aiemmin ilmestynytt\u00e4 sinkkua enteiliv\u00e4t syd\u00e4mellist\u00e4 levy\u00e4 ja levyll\u00e4h\u00e4n on 10 Jarkon kyn\u00e4st\u00e4 syntynytt\u00e4 ja Esan sovittamaa kappaletta. <strong>Ilmari Aikio, Radio Inari<\/strong><\/p>\n\n\n\n<p><strong>MARIA TYYSTER<\/strong><\/p>\n\n\n\n<p>&#8211; Musa puhuu puolestaan\u2026<strong> Jussi H\u00e4kkil\u00e4, Radio Pooki<\/strong><\/p>\n\n\n\n<p><strong>KUUKAUDEN LEVY \/ Marraskuu 2021<\/strong><\/p>\n\n\n\n<ol><li><strong>MIA LEIVO &amp; RAIMO SALO \u2013 Karjalan lapsia (Mika Tarkkonen)<\/strong><\/li><li><strong>JARKKO HONKANEN &#8211; Syd\u00e4n (Esa Eloranta)<\/strong><\/li><li><strong>MARIA TYYSTER \u2013 Uuden aamun lauluja (pienk.)<\/strong><\/li><\/ol>\n","protected":false},"excerpt":{"rendered":"<p>Paikallisradioiden Kuukauden Levyksi on valittu Toivo K\u00e4rjen s\u00e4vellyksi\u00e4 sis\u00e4lt\u00e4v\u00e4 Karjalan lapsia, jolla laulavat Mia Leivo ja Raimo Salo. Kakkoseksi tuli&#8230;<\/p>\n","protected":false},"author":1,"featured_media":7577,"comment_status":"closed","ping_status":"open","sticky":false,"template":"","format":"standard","meta":[],"categories":[1],"tags":[],"_links":{"self":[{"href":"http:\/\/www.hitit.fi\/index.php\/wp-json\/wp\/v2\/posts\/7630"}],"collection":[{"href":"http:\/\/www.hitit.fi\/index.php\/wp-json\/wp\/v2\/posts"}],"about":[{"href":"http:\/\/www.hitit.fi\/index.php\/wp-json\/wp\/v2\/types\/post"}],"author":[{"embeddable":true,"href":"http:\/\/www.hitit.fi\/index.php\/wp-json\/wp\/v2\/users\/1"}],"replies":[{"embeddable":true,"href":"http:\/\/www.hitit.fi\/index.php\/wp-json\/wp\/v2\/comments?post=7630"}],"version-history":[{"count":2,"href":"http:\/\/www.hitit.fi\/index.php\/wp-json\/wp\/v2\/posts\/7630\/revisions"}],"predecessor-version":[{"id":8107,"href":"http:\/\/www.hitit.fi\/index.php\/wp-json\/wp\/v2\/posts\/7630\/revisions\/8107"}],"wp:featuredmedia":[{"embeddable":true,"href":"http:\/\/www.hitit.fi\/index.php\/wp-json\/wp\/v2\/media\/7577"}],"wp:attachment":[{"href":"http:\/\/www.hitit.fi\/index.php\/wp-json\/wp\/v2\/media?parent=7630"}],"wp:term":[{"taxonomy":"category","embeddable":true,"href":"http:\/\/www.hitit.fi\/index.php\/wp-json\/wp\/v2\/categories?post=7630"},{"taxonomy":"post_tag","embeddable":true,"href":"http:\/\/www.hitit.fi\/index.php\/wp-json\/wp\/v2\/tags?post=7630"}],"curies":[{"name":"wp","href":"https:\/\/api.w.org\/{rel}","templated":true}]}}