{"id":4044,"date":"2017-08-23T19:47:09","date_gmt":"2017-08-23T19:47:09","guid":{"rendered":"http:\/\/www.hitit.fi\/?p=4044"},"modified":"2022-05-03T13:52:35","modified_gmt":"2022-05-03T10:52:35","slug":"tervetuloa-lavakauden-2017-paattajaisiin","status":"publish","type":"post","link":"https:\/\/www.hitit.fi\/index.php\/2017\/08\/23\/tervetuloa-lavakauden-2017-paattajaisiin\/","title":{"rendered":"Tervetuloa Lavakauden 2017 p\u00e4\u00e4tt\u00e4j\u00e4isiin!"},"content":{"rendered":"<p>Musiikkialan ammattilaisten ja intohimoisten harrastajien \u201dkokoontumisajot\u201d Tampereen korkeimmassa hotellissa. Alan v\u00e4ki kokoontuu jo 28. kertaa verkostoitumaan, puhumaan asiaa ja pit\u00e4m\u00e4\u00e4n hauskaa.<\/p>\n<p><strong>Sokos Hotel Torni, Tampere<\/strong><\/p>\n<p><strong>sunnuntaina 10.9.2017 klo 14 &#8211; 22 + jatkot aamuy\u00f6h\u00f6n asti<\/strong><!--more--><\/p>\n<p><a href=\"http:\/\/192.168.0.92\/musa\/wp-content\/uploads\/2016\/09\/jurilindeman.jpg\" rel=\"lightbox[4044]\"><img decoding=\"async\" loading=\"lazy\" class=\"alignleft size-medium wp-image-2844\" src=\"http:\/\/www.hitit.fi\/wp-content\/uploads\/2016\/09\/jurilindeman-200x300.jpg\" alt=\"\" width=\"200\" height=\"300\" srcset=\"https:\/\/www.hitit.fi\/wp-content\/uploads\/2016\/09\/jurilindeman-200x300.jpg 200w, https:\/\/www.hitit.fi\/wp-content\/uploads\/2016\/09\/jurilindeman.jpg 567w\" sizes=\"(max-width: 200px) 100vw, 200px\" \/><\/a>Tungosta ja tunnelmaa. Hittej\u00e4 ja hitintekij\u00f6it\u00e4. T\u00e4hti\u00e4 ja t\u00e4hdentekij\u00f6it\u00e4. Pakko p\u00e4\u00e4st\u00e4 mukaan. T\u00e4t\u00e4 ei kannata j\u00e4tt\u00e4\u00e4 v\u00e4liin.<\/p>\n<p>Ilmoittaudu etuk\u00e4teen, jotta saat osanottajakortin.<br \/>\nMeilaa ilmoittautuminen osoitteeseen pena@hitit.fi<\/p>\n<p><strong>ARTISTI!<\/strong> Jos haluat mukaan illan showcaseen, meilaa heti osoitteeseen pena@hitit.fi<\/p>\n<p>Viime vuoden &#8221;Laviksesta&#8221; voi lukea <a href=\"http:\/\/www.hitit.fi\/lavakausi-paatettiin-taas-komeasti\/\">t\u00e4\u00e4lt\u00e4&nbsp;&nbsp;<\/a>sek\u00e4 allaolevista linkeist\u00e4.<\/p>\n<p><strong>Tervetuloa!<\/strong><br \/>\nxxxxxxxxxxxxxxxxxxxxxxxxxxxxxxxxxxxxxxxxxxxxx<\/p>\n<h2>\n<strong>Ohjelma<\/strong><\/h2>\n<p><strong>kello 13.00 Tervetuloa!<\/strong><br \/>\nOsanottajakorttien jako seminaaritilojen aulassa<\/p>\n<p><strong>kello 14.00 SEMINAARI<\/strong><\/p>\n<p>Aihe: <strong>Brandyn juomisesta br\u00e4ndin luomiseen<\/strong>. Moderator: <strong>Pena Ter\u00e4v\u00e4inen<\/strong><\/p>\n<p><strong>Tervetuliaismaljat<\/strong>. Tampereen korkeimman hotellin edustajan puheenvuoro<\/p>\n<p><strong>Br\u00e4nd\u00e4ys<\/strong>. Erottautuminen. Miten teet myyv\u00e4n tuotteen? <strong>KTM Kurt Westerlund, Akowest Oy<\/strong><\/p>\n<p><strong>Ole somelainen! Miten hy\u00f6dynn\u00e4t somea?<\/strong> Facebook, twitter, instagram, vlogit artistin markkinoinnissa. <strong>YTM Anne Ter\u00e4v\u00e4inen, Discopress Oy<\/strong><\/p>\n<p><strong>Tuumasta toimeen!<\/strong> Mit\u00e4 kaikkea kannattaa ottaa huomioon, kun ryhtyy musiikkiuralle. <strong>Viestint\u00e4yritt\u00e4j\u00e4, sanoittaja Lasse Wikman<\/strong><\/p>\n<p><strong>kello 17.00 Fotosessio<\/strong><br \/>\n&#8211; illan t\u00e4hdet ja palkittavat median kuvattavina ja haastateltavina Moro Sky Barissa, 25. kerros<\/p>\n<p><strong>kello 18.00 T\u00e4t\u00e4 Suomi tanssii- gaala<\/strong><br \/>\nSeminaaritiloissa. Juontajina Pena Ter\u00e4v\u00e4inen, <strong>Topi Honkonen<\/strong> ja <strong>Kari Nite Niiranen<\/strong>. Tekniikka <strong>Kimmo Oksanen<\/strong>.<\/p>\n<p><a href=\"http:\/\/192.168.0.92\/musa\/wp-content\/uploads\/2016\/10\/2016-10-22-22.11.47.jpg\" rel=\"lightbox[4044]\"><img decoding=\"async\" loading=\"lazy\" class=\"alignleft size-medium wp-image-3006\" src=\"http:\/\/www.hitit.fi\/wp-content\/uploads\/2016\/10\/2016-10-22-22.11.47-300x169.jpg\" alt=\"\" width=\"300\" height=\"169\" srcset=\"https:\/\/www.hitit.fi\/wp-content\/uploads\/2016\/10\/2016-10-22-22.11.47-300x169.jpg 300w, https:\/\/www.hitit.fi\/wp-content\/uploads\/2016\/10\/2016-10-22-22.11.47-768x432.jpg 768w, https:\/\/www.hitit.fi\/wp-content\/uploads\/2016\/10\/2016-10-22-22.11.47-1024x576.jpg 1024w\" sizes=\"(max-width: 300px) 100vw, 300px\" \/><\/a>Illan mittaan kymmeni\u00e4 esiintyji\u00e4 ja lukuisia palkitsemisia, muun muassa:<\/p>\n<p><strong>&#8211; Kuukauden Levyt 2016 &#8211; 2017<\/strong><br \/>\n<strong>&#8211; Vuoden 2016 Levy<\/strong><br \/>\n<strong>&#8211; Vuoden tanssittajatulokas<\/strong><br \/>\n<strong>&#8211; Vuoden tanssittaja<\/strong><br \/>\n<strong>&#8211; Kes\u00e4n 2017 Tanssihitti<\/strong><br \/>\n<strong>&#8211; Suomen kaunein kes\u00e4lava 2017<\/strong><br \/>\n<strong>&#8211; Sisu-palkinnot<\/strong><br \/>\n<strong>&#8211; Tamperelainen Musa -erikoispalkinto<\/strong><\/p>\n<p><strong>kello 22.00 Vinyylidisko<\/strong> Moro Sky Barissa, 25. kerros<br \/>\nillan is\u00e4nt\u00e4n\u00e4 legendaarinen <strong>DJ Nite<\/strong><\/p>\n<p>Vapaata seurustelua, yll\u00e4tysesiintyji\u00e4 ja paljon muuta.<\/p>\n<p>Menossa mukana<\/p>\n<p><strong>Radio Musa &amp; Tamperelainen<\/strong><\/p>\n<p><strong>xxxxxxxxxxxxxxxxxxxxxxxxxxxxxxxxxxxxx<\/strong><br \/>\n<strong>Kuukauden Levy -voittajat 2016 &#8211; 2017<\/strong><\/p>\n<p><strong>Syyskuu 2016 \u2013 SUVI TER\u00c4SNISKA \u2013 Sin\u00e4 olet kaunis (Warner)<\/strong><br \/>\n<strong> LAURI T\u00c4HK\u00c4 \u2013 Vien sut t\u00e4\u00e4lt\u00e4 kotiin <\/strong><br \/>\n<strong>Lokakuu 2016 &#8211; VESA-MATTI LOIRI \u2013 Pyh\u00e4t tekstit (Warner)<\/strong><br \/>\n<strong>Marraskuu 2016 \u2013 LEIF LINDEMAN \u2013 Ei rakkautta suurempaa (Sony Music)<\/strong><br \/>\n<strong>Joulukuu 2016 \/ Vuoden joululevy \u2013 IDA ELINA \u2013 Valoisaa joulua<\/strong><\/p>\n<p><strong><a href=\"http:\/\/192.168.0.92\/musa\/wp-content\/uploads\/2016\/09\/teuvooinas.jpg\" rel=\"lightbox[4044]\"><img decoding=\"async\" loading=\"lazy\" class=\"alignleft size-medium wp-image-2842\" src=\"http:\/\/www.hitit.fi\/wp-content\/uploads\/2016\/09\/teuvooinas-200x300.jpg\" alt=\"\" width=\"200\" height=\"300\" srcset=\"https:\/\/www.hitit.fi\/wp-content\/uploads\/2016\/09\/teuvooinas-200x300.jpg 200w, https:\/\/www.hitit.fi\/wp-content\/uploads\/2016\/09\/teuvooinas.jpg 567w\" sizes=\"(max-width: 200px) 100vw, 200px\" \/><\/a>Helmikuu 2017 \u2013 TOMI MARKKOLA \u2013 Myyty mies (Sony Music)<\/strong><br \/>\n<strong>Maaliskuu 2017 \u2013 JUICE LESKINEN &amp; MIKKO ALATALO \u2013 Parasta ennen (Suomi-solistit)<\/strong><br \/>\n<strong>Huhtikuu 2017 \u2013 JANNIKE \u2013 The Girl In The Picture (Sony Music) <\/strong><br \/>\n<strong>Toukokuu 2017 \u2013 JUHAMATTI \u2013 Jylh\u00e4maa (TJM Musiikki)<\/strong><br \/>\n<strong>Kes\u00e4kuu 2017 \u2013 JARKKO HONKANEN TAIGA \u2013 Vaeltaja (Mager)<\/strong><br \/>\n<strong>Hein\u00e4kuu 2017 \u2013 MATTI ESKO \u2013 J\u00e4rvenp\u00e4\u00e4 \u2013 Kauriala \u2013 omia polkujaan (Turenki)<\/strong><\/p>\n<p>Lis\u00e4ksi palkitaan radioiden<\/p>\n<p><strong>Vuoden 2016 levy<\/strong><\/p>\n<p><strong>TEUVO OINAS \u2013 Suomalainen tango (Gramofoni)<\/strong><\/p>\n<h2>DJ Hall Of Fame koolla<\/h2>\n<p><a href=\"http:\/\/192.168.0.92\/musa\/wp-content\/uploads\/2016\/10\/DSC_3060.jpg\" rel=\"lightbox[4044]\"><img decoding=\"async\" loading=\"lazy\" class=\"alignleft size-medium wp-image-3021\" src=\"http:\/\/www.hitit.fi\/wp-content\/uploads\/2016\/10\/DSC_3060-300x200.jpg\" alt=\"\" width=\"300\" height=\"200\" srcset=\"https:\/\/www.hitit.fi\/wp-content\/uploads\/2016\/10\/DSC_3060-300x200.jpg 300w, https:\/\/www.hitit.fi\/wp-content\/uploads\/2016\/10\/DSC_3060-768x512.jpg 768w, https:\/\/www.hitit.fi\/wp-content\/uploads\/2016\/10\/DSC_3060-1024x683.jpg 1024w\" sizes=\"(max-width: 300px) 100vw, 300px\" \/><\/a>Tiskijukkien kunniagalleria kokoontuu tuttuun tapaan verest\u00e4m\u00e4\u00e4n vanhoja silmi\u00e4 ja muistoja. Palaverissa p\u00e4\u00e4tet\u00e4\u00e4n mahdollisten uusien j\u00e4senten kutsumisesta kunniagalleriaan.<\/p>\n<p>DJ Hall Of Fame kokoontuu klo 17.00. Tarkka kokouspaikka ilmoittautumisen yhteydess\u00e4.<\/p>\n","protected":false},"excerpt":{"rendered":"<p>Musiikkialan ammattilaisten ja intohimoisten harrastajien \u201dkokoontumisajot\u201d Tampereen korkeimmassa hotellissa. Alan v\u00e4ki kokoontuu jo 28. kertaa verkostoitumaan, puhumaan asiaa ja pit\u00e4m\u00e4\u00e4n&#8230;<\/p>\n","protected":false},"author":1,"featured_media":2841,"comment_status":"closed","ping_status":"closed","sticky":false,"template":"","format":"standard","meta":[],"categories":[43,97,1],"tags":[],"_links":{"self":[{"href":"https:\/\/www.hitit.fi\/index.php\/wp-json\/wp\/v2\/posts\/4044"}],"collection":[{"href":"https:\/\/www.hitit.fi\/index.php\/wp-json\/wp\/v2\/posts"}],"about":[{"href":"https:\/\/www.hitit.fi\/index.php\/wp-json\/wp\/v2\/types\/post"}],"author":[{"embeddable":true,"href":"https:\/\/www.hitit.fi\/index.php\/wp-json\/wp\/v2\/users\/1"}],"replies":[{"embeddable":true,"href":"https:\/\/www.hitit.fi\/index.php\/wp-json\/wp\/v2\/comments?post=4044"}],"version-history":[{"count":1,"href":"https:\/\/www.hitit.fi\/index.php\/wp-json\/wp\/v2\/posts\/4044\/revisions"}],"predecessor-version":[{"id":8338,"href":"https:\/\/www.hitit.fi\/index.php\/wp-json\/wp\/v2\/posts\/4044\/revisions\/8338"}],"wp:featuredmedia":[{"embeddable":true,"href":"https:\/\/www.hitit.fi\/index.php\/wp-json\/wp\/v2\/media\/2841"}],"wp:attachment":[{"href":"https:\/\/www.hitit.fi\/index.php\/wp-json\/wp\/v2\/media?parent=4044"}],"wp:term":[{"taxonomy":"category","embeddable":true,"href":"https:\/\/www.hitit.fi\/index.php\/wp-json\/wp\/v2\/categories?post=4044"},{"taxonomy":"post_tag","embeddable":true,"href":"https:\/\/www.hitit.fi\/index.php\/wp-json\/wp\/v2\/tags?post=4044"}],"curies":[{"name":"wp","href":"https:\/\/api.w.org\/{rel}","templated":true}]}}