{"id":671,"date":"2015-03-12T19:03:45","date_gmt":"2015-03-12T19:03:45","guid":{"rendered":"http:\/\/www.hitit.fi\/?p=671"},"modified":"2022-05-03T14:59:20","modified_gmt":"2022-05-03T11:59:20","slug":"markus-raivio-matkan-paa-on-soolouran-alku","status":"publish","type":"post","link":"https:\/\/www.hitit.fi\/index.php\/2015\/03\/12\/markus-raivio-matkan-paa-on-soolouran-alku\/","title":{"rendered":"MARKUS RAIVIO &#8211; Matkan p\u00e4\u00e4 on soolouran alku"},"content":{"rendered":"<p>Monessa liemess\u00e4 ja b\u00e4ndiss\u00e4 keitetty laulaja-lauluntekij\u00e4 <strong>Markus Raivio<\/strong> yll\u00e4tt\u00e4\u00e4 positiivisesti ensimm\u00e4isell\u00e4 soolosinglell\u00e4\u00e4n. Kun mies on soittanut viisi vuotta <strong>Froikkareiden<\/strong> remmiss\u00e4, voisi soolouran avauksen olevan jotain aivan muuta kuin hieman juhatapiomaista, folkahtavaa poppia. Tarkemmassa kuuntelussa biisist\u00e4 kuoriutuu my\u00f6s vakavampia s\u00e4vyj\u00e4.<!--more--><\/p>\n<p><span style=\"font-family: Arial, sans-serif;\">Markus Raivio on lukuisien musiikkit\u00f6idens\u00e4 ohessa kouluttautunut musiikkiterapeutiksi. Ty\u00f6ss\u00e4\u00e4n h\u00e4n kohtaa nuoria, joista jokaisella on oma tarinansa, usein viel\u00e4p\u00e4 varsin karu tarina. Markus on vakuuttunut, ett\u00e4 musiikin terapeuttinen voima auttaa kaikkia eteenp\u00e4in.<\/span><\/p>\n<p><a href=\"http:\/\/192.168.0.92\/musa\/wp-content\/uploads\/2015\/01\/markusraivio.jpg\" rel=\"lightbox[671]\"><img decoding=\"async\" loading=\"lazy\" class=\"alignleft size-thumbnail wp-image-652\" src=\"http:\/\/www.hitit.fi\/wp-content\/uploads\/2015\/01\/markusraivio-150x150.jpg\" alt=\"markusraivio\" width=\"150\" height=\"150\" srcset=\"https:\/\/www.hitit.fi\/wp-content\/uploads\/2015\/01\/markusraivio-150x150.jpg 150w, https:\/\/www.hitit.fi\/wp-content\/uploads\/2015\/01\/markusraivio-100x100.jpg 100w\" sizes=\"(max-width: 150px) 100vw, 150px\" \/><\/a><\/p>\n<p><span style=\"font-family: Arial, sans-serif;\">Markus Raiviolla on n\u00e4k\u00f6alapaikka suomalaiseen todellisuuteen. Toisaalla keikkailu kosteissa pubeissa ja klubeissa, raskaat keikkareissut b\u00e4ndin j\u00e4senen\u00e4. Toisaalla taas p\u00e4iv\u00e4ty\u00f6 ja herkkien ihmisten kohtaaminen. Niin paljon on aihetta lauluun ja teemalevyyn. <\/span><\/p>\n<p><span style=\"font-family: Arial, sans-serif;\">&#8211; Tottakai kaikissa lauluissa on jotain omaa ja jotain muualta kuultua. Olen kuitenkin tarkka siit\u00e4, ett\u00e4 laulut ovat fiktiivisi\u00e4, eiv\u00e4t suoraan kenenk\u00e4\u00e4n el\u00e4m\u00e4st\u00e4. N\u00e4in kaikille lauluille l\u00f6ytyy yht\u00e4 monta tulkintaa kuin on kuulijoitakin.<\/span><\/p>\n<p><span style=\"font-family: Arial, sans-serif;\">&#8211; Aika paljon on tehty lauluja, joissa psyykkisist\u00e4 h\u00e4iri\u00f6ist\u00e4 k\u00e4rsiv\u00e4 ihminen kertoo selviytymistarinansa. Oma n\u00e4k\u00f6kulmani terapeuttina on kuitenkin erilainen. Levyll\u00e4 on paljon paradigmaa ja ristiriitaa, mutta my\u00f6s lohtua ja toivoa. Ty\u00f6ni \u00e4\u00e4nituottajana sek\u00e4 muusikkona on ollut kovin rock-henkist\u00e4. Tulevalla albumillani tutkin itsest\u00e4ni my\u00f6s muita puolia.<\/span><\/p>\n<p><span style=\"font-family: Arial, sans-serif;\">Haastattelutuokion j\u00e4lkeen Markus suuntasi viel\u00e4 sata kilometri\u00e4 pohjoiseen soittamaan rumpuraidat er\u00e4\u00e4n artistin levylle. Kova s\u00e4lli.<\/span><\/p>\n<p>Katso Markus Raivion <a href=\"http:\/\/fi.wikipedia.org\/wiki\/Markus_Raivio\" target=\"_blank\" rel=\"noopener\">Wikipedia-sivu<\/a><\/p>\n<p>Kuuntele Markuksen haastattelu<\/p>\n<!--[if lt IE 9]><script>document.createElement('audio');<\/script><![endif]-->\n<audio class=\"wp-audio-shortcode\" id=\"audio-671-1\" preload=\"none\" style=\"width: 100%;\" controls=\"controls\"><source type=\"audio\/mpeg\" src=\"http:\/\/192.168.0.92\/musa\/wp-content\/uploads\/2015\/03\/markusraivio.mp3?_=1\" \/><a href=\"http:\/\/192.168.0.92\/musa\/wp-content\/uploads\/2015\/03\/markusraivio.mp3\">http:\/\/192.168.0.92\/musa\/wp-content\/uploads\/2015\/03\/markusraivio.mp3<\/a><\/audio>\n","protected":false},"excerpt":{"rendered":"<p>Monessa liemess\u00e4 ja b\u00e4ndiss\u00e4 keitetty laulaja-lauluntekij\u00e4 Markus Raivio yll\u00e4tt\u00e4\u00e4 positiivisesti ensimm\u00e4isell\u00e4 soolosinglell\u00e4\u00e4n. Kun mies on soittanut viisi vuotta Froikkareiden remmiss\u00e4,&#8230;<\/p>\n","protected":false},"author":1,"featured_media":672,"comment_status":"open","ping_status":"open","sticky":false,"template":"","format":"standard","meta":[],"categories":[13,15,49],"tags":[],"_links":{"self":[{"href":"https:\/\/www.hitit.fi\/index.php\/wp-json\/wp\/v2\/posts\/671"}],"collection":[{"href":"https:\/\/www.hitit.fi\/index.php\/wp-json\/wp\/v2\/posts"}],"about":[{"href":"https:\/\/www.hitit.fi\/index.php\/wp-json\/wp\/v2\/types\/post"}],"author":[{"embeddable":true,"href":"https:\/\/www.hitit.fi\/index.php\/wp-json\/wp\/v2\/users\/1"}],"replies":[{"embeddable":true,"href":"https:\/\/www.hitit.fi\/index.php\/wp-json\/wp\/v2\/comments?post=671"}],"version-history":[{"count":1,"href":"https:\/\/www.hitit.fi\/index.php\/wp-json\/wp\/v2\/posts\/671\/revisions"}],"predecessor-version":[{"id":8604,"href":"https:\/\/www.hitit.fi\/index.php\/wp-json\/wp\/v2\/posts\/671\/revisions\/8604"}],"wp:featuredmedia":[{"embeddable":true,"href":"https:\/\/www.hitit.fi\/index.php\/wp-json\/wp\/v2\/media\/672"}],"wp:attachment":[{"href":"https:\/\/www.hitit.fi\/index.php\/wp-json\/wp\/v2\/media?parent=671"}],"wp:term":[{"taxonomy":"category","embeddable":true,"href":"https:\/\/www.hitit.fi\/index.php\/wp-json\/wp\/v2\/categories?post=671"},{"taxonomy":"post_tag","embeddable":true,"href":"https:\/\/www.hitit.fi\/index.php\/wp-json\/wp\/v2\/tags?post=671"}],"curies":[{"name":"wp","href":"https:\/\/api.w.org\/{rel}","templated":true}]}}